{"id":2026,"date":"2018-07-02T14:35:31","date_gmt":"2018-07-02T14:35:31","guid":{"rendered":"https:\/\/www.lacrimabaccus.com\/2018\/07\/02\/viaje-al-corazon-de-la-republica-checa\/"},"modified":"2018-10-04T15:20:10","modified_gmt":"2018-10-04T15:20:10","slug":"viatge-al-cor-de-la-republica-txeca","status":"publish","type":"post","link":"https:\/\/www.lacrimabaccus.com\/ca\/2018\/07\/02\/viatge-al-cor-de-la-republica-txeca\/","title":{"rendered":"Viatge al cor de la Rep\u00fablica Txeca"},"content":{"rendered":"<p><strong>Praga\u00a0<\/strong>\u00e9s la capital m\u00e9s bonica d&#8217;Europa de l&#8217;Est, una ciutat que ha renascut en els \u00faltims anys despr\u00e9s de d\u00e8cades de foscor.<br \/>\nEl castell \u00e9s el m\u00e9s destacable de la ciutat. Un majestu\u00f3s edifici visible des de tots els racons de Praga que, al costat de la catedral (que es troba dins de les muralles del mateix castell), s\u00f3n un exemple important de l&#8217;arquitectura g\u00f2tica que caracteritza la capital.<br \/>\nEns va sorprendre molt gratament la bellesa del Pont Carles. \u00c9s el monument m\u00e9s fam\u00f3s de Praga en el qual trobem 30 est\u00e0tues situades a banda i banda, moltes de les quals s\u00f3n c\u00f2pies ja que les originals es troben al Museu Nacional de Praga i a Vy\u0161ehrad ja que van ser constru\u00efdes a principis del segle XVIII. Un lloc impregnat de m\u00e0gia, la llegenda explica que a la nit les seves est\u00e0tues cobren vida per cuidar els nens de l&#8217;illa de Kampa.<\/p>\n<p>El nostre consell \u00e9s deixar el mapa de la ciutat a l&#8217;hotel, alliberar la ment i perdre&#8217;t en la poesia dels seus carrerons, vivint plenament l&#8217;encant de la ciutat. Aix\u00ed ho va fer el nostre equip d&#8217;exportaci\u00f3, que a part de visitar al seu distribu\u00efdor i als seus clients finals, es va perdre entre els antics carrers de la capital.<\/p>\n<p>Vam visitar el nostre distribu\u00efdor\u00a0<a href=\"https:\/\/alifea.cz\/\" target=\"_blank\" rel=\"noopener\"><strong>Alifea<\/strong><\/a> just per presenciar una degustaci\u00f3 organitzada pels membres del seu <em>wine club<\/em>. <strong>Martin Bily<\/strong>, el propietari, \u00e9s un veritable en\u00f2fil senzill, humil i amant de la qualitat. Martin sol organitzar activitats de degustaci\u00f3 molt sovint amb un p\u00fablic de 50 persones com a molt. Prefereix que sigui poca la gent en aquest tipus d&#8217;esdeveniments, d&#8217;aquesta manera el tracte \u00e9s m\u00e9s proper, familiar, el tast t\u00e9 lloc sense por i hi ha oportunitat d&#8217;intercanviar opinions entre experts (i no tan experts) sense presumpci\u00f3. L&#8217;esdeveniment es va organitzar de manera impecable. Dues taules, una a la primera planta i una altra a la segona, en qu\u00e8 es van presentar els seg\u00fcents cellers amb dues refer\u00e8ncies de producte cadascun:<br \/>\nEl nostre Lacrima Baccus, amb l&#8217;<a href=\"https:\/\/www.lacrimabaccus.com\/cavas\/heretat\/\" target=\"_blank\" rel=\"noopener\"><strong>Heretat brut<\/strong><\/a>\u00a0i Lacrima Baccus <a href=\"https:\/\/www.lacrimabaccus.com\/cavas\/brut-reserva\/\" target=\"_blank\" rel=\"noopener\"><strong>Brut Rosat<\/strong><\/a>, Pelins, I feudi di Romans, Bodegas Navajas, Domaine Schoffit, Bodegas volcanes de Chile, Domaine Joel Delaunay, Cave Pilot de Gallician, Peter Zemmer, La Smilla Gavi, Weingut Hoffranzen.<\/p>\n<p>Vam tenir la possibilitat de con\u00e8ixer a tots els convidats que es van sorprendre molt al veure el representant d&#8217;un celler un dia entre setmana, a Praga, a les 18.00!<\/p>\n<p>Praga \u00e9s una ciutat en expansi\u00f3, molt cosmopolita i amb molt turisme. Martin nom\u00e9s treballa amb nosaltres des de fa 4 mesos, per\u00f2 fa una \u00f2ptima funci\u00f3 d&#8217;ambaixador de la marca, per la seva passi\u00f3 i fervor. Sempre t\u00e9 una copa a la m\u00e0 i no es cansa mai de tastar, d&#8217;escoltar i d&#8217;aprendre i &#8230; Consultar \u00f2bviament al seu sommelier en tot moment. A ell li agrada fer les coses b\u00e9, fidelitzar els seus clients no nom\u00e9s en tema de preu \/ qualitat, sin\u00f3 tamb\u00e9 en crear moments m\u00e0gics i experi\u00e8ncies inoblidables i en mimar-los molt. Per aix\u00f2, l&#8217;equip d&#8217;exportaci\u00f3 li d\u00f3na suport en cada moment i est\u00e0 conven\u00e7ut d&#8217;una duradora i consolidada relaci\u00f3 amb el grup Alifea. De fet, tenim planificat un altre esdeveniment de rellev\u00e0ncia a la ciutat el proper mes de setembre amb una assist\u00e8ncia prevista de 1000 persones.<\/p>\n","protected":false},"excerpt":{"rendered":"<p>Praga\u00a0\u00e9s la capital m\u00e9s bonica d&#8217;Europa de l&#8217;Est, una ciutat que ha renascut en els \u00faltims anys despr\u00e9s de d\u00e8cades de foscor. El castell \u00e9s el m\u00e9s destacable de la ciutat. Un majestu\u00f3s edifici visible des de tots els racons de Praga que, al costat de la catedral (que es troba dins de les muralles [&hellip;]<\/p>\n","protected":false},"author":1,"featured_media":2027,"comment_status":"open","ping_status":"open","sticky":false,"template":"","format":"standard","meta":{"_acf_changed":false,"footnotes":""},"categories":[39],"tags":[94,95,96,97,98,99,100,101],"class_list":["post-2026","post","type-post","status-publish","format-standard","has-post-thumbnail","hentry","category-uncategorized-ca","tag-alifea-ca","tag-cata-ca","tag-cavas-ca","tag-distribuidor-ca","tag-heretat-ca","tag-lacrima-baccus-ca","tag-praga-ca","tag-visita-ca"],"acf":[],"aioseo_notices":[],"_links":{"self":[{"href":"https:\/\/www.lacrimabaccus.com\/ca\/wp-json\/wp\/v2\/posts\/2026","targetHints":{"allow":["GET"]}}],"collection":[{"href":"https:\/\/www.lacrimabaccus.com\/ca\/wp-json\/wp\/v2\/posts"}],"about":[{"href":"https:\/\/www.lacrimabaccus.com\/ca\/wp-json\/wp\/v2\/types\/post"}],"author":[{"embeddable":true,"href":"https:\/\/www.lacrimabaccus.com\/ca\/wp-json\/wp\/v2\/users\/1"}],"replies":[{"embeddable":true,"href":"https:\/\/www.lacrimabaccus.com\/ca\/wp-json\/wp\/v2\/comments?post=2026"}],"version-history":[{"count":2,"href":"https:\/\/www.lacrimabaccus.com\/ca\/wp-json\/wp\/v2\/posts\/2026\/revisions"}],"predecessor-version":[{"id":2029,"href":"https:\/\/www.lacrimabaccus.com\/ca\/wp-json\/wp\/v2\/posts\/2026\/revisions\/2029"}],"wp:featuredmedia":[{"embeddable":true,"href":"https:\/\/www.lacrimabaccus.com\/ca\/wp-json\/wp\/v2\/media\/2027"}],"wp:attachment":[{"href":"https:\/\/www.lacrimabaccus.com\/ca\/wp-json\/wp\/v2\/media?parent=2026"}],"wp:term":[{"taxonomy":"category","embeddable":true,"href":"https:\/\/www.lacrimabaccus.com\/ca\/wp-json\/wp\/v2\/categories?post=2026"},{"taxonomy":"post_tag","embeddable":true,"href":"https:\/\/www.lacrimabaccus.com\/ca\/wp-json\/wp\/v2\/tags?post=2026"}],"curies":[{"name":"wp","href":"https:\/\/api.w.org\/{rel}","templated":true}]}}