{"id":2335,"date":"2018-11-13T08:38:09","date_gmt":"2018-11-13T08:38:09","guid":{"rendered":"https:\/\/www.lacrimabaccus.com\/2018\/11\/13\/feria-enoexpo-en-krakow-buscando-importador\/"},"modified":"2018-11-13T08:45:58","modified_gmt":"2018-11-13T08:45:58","slug":"fira-enoexpo-a-krakow-buscant-importador","status":"publish","type":"post","link":"https:\/\/www.lacrimabaccus.com\/ca\/2018\/11\/13\/fira-enoexpo-a-krakow-buscant-importador\/","title":{"rendered":"Fira Enoexpo a Krakow&#8230; Buscant importador"},"content":{"rendered":"<p>Mentre vam estar de viatge a R\u00fassia, per promocionar la nostra gamma de Lacrima Baccus, vam decidir tamb\u00e9 enfocar-nos cap a Pol\u00f2nia, per buscar un importador.<\/p>\n<p>Aix\u00ed que, vam carregar les piles per a la nostra recta final, i gaireb\u00e9 al final d&#8217;un any ple de sorpreses, novetats, il\u00b7lusions i potser decepcions, vam embarcar a l&#8217;avi\u00f3 cap a una altra aventura.<\/p>\n<p>El nostre equip d&#8217;exportaci\u00f3, despr\u00e9s d&#8217;una reuni\u00f3 d&#8217;equip sobre l&#8217;avaluaci\u00f3 d&#8217;aquesta proposta, va decidir prendre en consideraci\u00f3 la participaci\u00f3 a la Fira Enoexpo de Krakow, en la seva 16 edici\u00f3, a trav\u00e9s de Prodeca durant les dates 7, 8 i 9 de novembre.<\/p>\n<p>Com els temps de la fira van estar molt marcats, no vam tenir temps de visitar la ciutat, que, tot i que la coneixem molt b\u00e9, ens deixa cada vegada sense al\u00e8.<\/p>\n<p>El primer dia ens vam adonar que l&#8217;aflu\u00e8ncia de p\u00fablic era bona, amb una gran participaci\u00f3 de clients finals, bloggers, periodistes, sommeliers, wine-Enthusiasts i restaurants. A trav\u00e9s d&#8217;Acci\u00f3 es va realitzar un tast de Summum, al costat dels altres vins dels estands de Prodeca, dirigida al p\u00fablic i, a part, a un prominent sommelier polon\u00e8s.<\/p>\n<p>El segon dia es va desenvolupar de la mateixa manera, al voltant de molts wine lovers i entusiastes del vi, vam estar agra\u00efts i orgullosos de poder compartir els nostres productes amb gent que veritablement apreciava el cava, la nostra terra i el nostre patrimoni vitivinicultor.<\/p>\n<p>Nom\u00e9s el tercer dia ens vam adonar de l&#8217;alta aflu\u00e8ncia de visitants, entre ells importadors, alguns m\u00e9s que altres interessats en mostres de la nostra variada gamma.<\/p>\n<p>La nostra reflexi\u00f3 est\u00e0 sense dubte relacionada a un aspecte molt personal, gaireb\u00e9 sentimental. Si pensem en quan va comen\u00e7ar la nostra aventura fa alguns anys i on hem arribat, estem satisfets de la feina que a poc a poc anem desenvolupant.<\/p>\n<p>Tot i els resultats, la fira no ha estat una meta. Ha estat un important punt de partida per al nostre celler, que es vol desafiar a si mateix cada vegada m\u00e9s. La demostraci\u00f3 de les nostres accions substancialment les evidencien tots aquells que les reben en primera persona cada dia, i les comparteixen &#8230; els nostres clients, els nostres distribu\u00efdors &#8230; i tots vosaltres.<\/p>\n","protected":false},"excerpt":{"rendered":"<p>Mentre vam estar de viatge a R\u00fassia, per promocionar la nostra gamma de Lacrima Baccus, vam decidir tamb\u00e9 enfocar-nos cap a Pol\u00f2nia, per buscar un importador. Aix\u00ed que, vam carregar les piles per a la nostra recta final, i gaireb\u00e9 al final d&#8217;un any ple de sorpreses, novetats, il\u00b7lusions i potser decepcions, vam embarcar a [&hellip;]<\/p>\n","protected":false},"author":1,"featured_media":2314,"comment_status":"open","ping_status":"open","sticky":false,"template":"","format":"standard","meta":{"_acf_changed":false,"footnotes":""},"categories":[39],"tags":[],"class_list":["post-2335","post","type-post","status-publish","format-standard","has-post-thumbnail","hentry","category-uncategorized-ca"],"acf":[],"aioseo_notices":[],"_links":{"self":[{"href":"https:\/\/www.lacrimabaccus.com\/ca\/wp-json\/wp\/v2\/posts\/2335","targetHints":{"allow":["GET"]}}],"collection":[{"href":"https:\/\/www.lacrimabaccus.com\/ca\/wp-json\/wp\/v2\/posts"}],"about":[{"href":"https:\/\/www.lacrimabaccus.com\/ca\/wp-json\/wp\/v2\/types\/post"}],"author":[{"embeddable":true,"href":"https:\/\/www.lacrimabaccus.com\/ca\/wp-json\/wp\/v2\/users\/1"}],"replies":[{"embeddable":true,"href":"https:\/\/www.lacrimabaccus.com\/ca\/wp-json\/wp\/v2\/comments?post=2335"}],"version-history":[{"count":2,"href":"https:\/\/www.lacrimabaccus.com\/ca\/wp-json\/wp\/v2\/posts\/2335\/revisions"}],"predecessor-version":[{"id":2337,"href":"https:\/\/www.lacrimabaccus.com\/ca\/wp-json\/wp\/v2\/posts\/2335\/revisions\/2337"}],"wp:featuredmedia":[{"embeddable":true,"href":"https:\/\/www.lacrimabaccus.com\/ca\/wp-json\/wp\/v2\/media\/2314"}],"wp:attachment":[{"href":"https:\/\/www.lacrimabaccus.com\/ca\/wp-json\/wp\/v2\/media?parent=2335"}],"wp:term":[{"taxonomy":"category","embeddable":true,"href":"https:\/\/www.lacrimabaccus.com\/ca\/wp-json\/wp\/v2\/categories?post=2335"},{"taxonomy":"post_tag","embeddable":true,"href":"https:\/\/www.lacrimabaccus.com\/ca\/wp-json\/wp\/v2\/tags?post=2335"}],"curies":[{"name":"wp","href":"https:\/\/api.w.org\/{rel}","templated":true}]}}